{"id":55329,"date":"2025-04-14T00:36:40","date_gmt":"2025-04-13T21:36:40","guid":{"rendered":"https:\/\/www.skupturkiye.org.tr\/national-launch-of-european-mobility-week-takes-place-in-izmirwith-the-launch-of-the-bike-to-university-b2u-projectdeveloped-by-skup-turkiye-volunteers\/"},"modified":"2025-07-07T00:36:07","modified_gmt":"2025-07-06T21:36:07","slug":"national-launch-of-european-mobility-week-takes-place-in-izmirwith-the-launch-of-the-bike-to-university-b2u-projectdeveloped-by-skup-turkiye-volunteers","status":"publish","type":"post","link":"https:\/\/www.skupturkiye.org.tr\/en\/national-launch-of-european-mobility-week-takes-place-in-izmirwith-the-launch-of-the-bike-to-university-b2u-projectdeveloped-by-skup-turkiye-volunteers\/","title":{"rendered":"NATIONAL LAUNCH OF EUROPEAN MOBILITY WEEK TAKES PLACE IN \u0130ZM\u0130R<br>WITH THE LAUNCH OF THE \u201cBIKE TO UNIVERSITY (B2U)\u201d PROJECT<br>DEVELOPED BY SKUP T\u00dcRK\u0130YE VOLUNTEERS!"},"content":{"rendered":"\t\t<div data-elementor-type=\"wp-post\" data-elementor-id=\"55329\" class=\"elementor elementor-55329 elementor-55133\">\n\t\t\t\t\t\t<section class=\"elementor-section elementor-top-section elementor-element elementor-element-2a1388d elementor-section-boxed elementor-section-height-default elementor-section-height-default tm-col-stretched-none tm-bg-color-over-image\" data-id=\"2a1388d\" data-element_type=\"section\">\n\t\t\t\t\t\t<div class=\"elementor-container elementor-column-gap-default\">\n\t\t\t\t\t<div class=\"elementor-column elementor-col-100 elementor-top-column elementor-element elementor-element-d0a53b6 tm-bg-color-over-image\" data-id=\"d0a53b6\" data-element_type=\"column\">\n\t\t\t<div class=\"elementor-widget-wrap elementor-element-populated\">\n\t\t\t\t\t\t<div class=\"elementor-element elementor-element-2fa46fa elementor-widget elementor-widget-text-editor\" data-id=\"2fa46fa\" data-element_type=\"widget\" data-widget_type=\"text-editor.default\">\n\t\t\t\t<div class=\"elementor-widget-container\">\n\t\t\t<style>\/*! elementor - v3.21.0 - 08-05-2024 *\/\n.elementor-widget-text-editor.elementor-drop-cap-view-stacked .elementor-drop-cap{background-color:#69727d;color:#fff}.elementor-widget-text-editor.elementor-drop-cap-view-framed .elementor-drop-cap{color:#69727d;border:3px solid;background-color:transparent}.elementor-widget-text-editor:not(.elementor-drop-cap-view-default) .elementor-drop-cap{margin-top:8px}.elementor-widget-text-editor:not(.elementor-drop-cap-view-default) .elementor-drop-cap-letter{width:1em;height:1em}.elementor-widget-text-editor .elementor-drop-cap{float:left;text-align:center;line-height:1;font-size:50px}.elementor-widget-text-editor .elementor-drop-cap-letter{display:inline-block}<\/style>\t\t\t\t<p>Hosted by \u0130zmir Metropolitan Municipality, the national launch of European Mobility<br \/>Week was held with the participation of distinguished members from the SUMP<br \/>T\u00fcrkiye Project Management Team, students from \u0130zmir Katip \u00c7elebi University, and<br \/>many citizens. The event also marked the official launch of the \u201cBike to University<br \/>(B2U)\u201d initiative, developed by SUMP T\u00fcrkiye Volunteers. The event began with a symbolic bike ride from \u0130zban Mavi\u015fehir Station to \u0130zmir Katip<br \/>\u00c7elebi University and continued with vibrant DJ performances and an award<br \/>ceremony.<\/p>\n<p><span>For more details, you may download the SUMP T\u00fcrkiye Newsletter Issue #9 from the<br \/>link below.<\/span><\/p>\n<\/p>\n<p class=\"title\"><a href=\"https:\/\/www.skupturkiye.org.tr\/wp-content\/uploads\/2025\/04\/SAYI-9_5-1.pdf\"><span style=\"text-decoration: underline;\">NATIONAL LAUNCH OF EUROPEAN MOBILITY WEEK TAKES PLACE IN \u0130ZM\u0130R<br \/>WITH THE LAUNCH OF THE \u201cBIKE TO UNIVERSITY (B2U)\u201d PROJECT<br \/>DEVELOPED BY SKUP T\u00dcRK\u0130YE VOLUNTEERS!<\/span><\/a><\/p>\n\t\t\t\t\t\t<\/div>\n\t\t\t\t<\/div>\n\t\t\t\t\t<\/div>\n\t\t<\/div>\n\t\t\t\t\t<\/div>\n\t\t<\/section>\n\t\t\t\t<\/div>\n\t\t","protected":false},"excerpt":{"rendered":"<p>Hosted by \u0130zmir Metropolitan Municipality, the national launch of European MobilityWeek was held with the participation of distinguished members from&#8230;<\/p>\n","protected":false},"author":1,"featured_media":0,"comment_status":"open","ping_status":"open","sticky":false,"template":"","format":"standard","meta":{"footnotes":""},"categories":[64],"tags":[65],"class_list":["post-55329","post","type-post","status-publish","format-standard","hentry","category-news-from-sump-turkiye","tag-news-from-sump-turkiye"],"yoast_head":"<!-- This site is optimized with the Yoast SEO plugin v23.9 - https:\/\/yoast.com\/wordpress\/plugins\/seo\/ -->\n<title>NATIONAL LAUNCH OF EUROPEAN MOBILITY WEEK TAKES PLACE IN \u0130ZM\u0130RWITH THE LAUNCH OF THE \u201cBIKE TO UNIVERSITY (B2U)\u201d PROJECTDEVELOPED BY SKUP T\u00dcRK\u0130YE VOLUNTEERS! - SKUP T\u00dcRK\u0130YE<\/title>\n<meta name=\"robots\" content=\"index, follow, max-snippet:-1, max-image-preview:large, max-video-preview:-1\" \/>\n<link rel=\"canonical\" href=\"https:\/\/www.skupturkiye.org.tr\/en\/national-launch-of-european-mobility-week-takes-place-in-izmirwith-the-launch-of-the-bike-to-university-b2u-projectdeveloped-by-skup-turkiye-volunteers\/\" \/>\n<meta property=\"og:locale\" content=\"en_US\" \/>\n<meta property=\"og:type\" content=\"article\" \/>\n<meta property=\"og:title\" content=\"NATIONAL LAUNCH OF EUROPEAN MOBILITY WEEK TAKES PLACE IN \u0130ZM\u0130RWITH THE LAUNCH OF THE \u201cBIKE TO UNIVERSITY (B2U)\u201d PROJECTDEVELOPED BY SKUP T\u00dcRK\u0130YE VOLUNTEERS! - SKUP T\u00dcRK\u0130YE\" \/>\n<meta property=\"og:description\" content=\"Hosted by \u0130zmir Metropolitan Municipality, the national launch of European MobilityWeek was held with the participation of distinguished members from...\" \/>\n<meta property=\"og:url\" content=\"https:\/\/www.skupturkiye.org.tr\/en\/national-launch-of-european-mobility-week-takes-place-in-izmirwith-the-launch-of-the-bike-to-university-b2u-projectdeveloped-by-skup-turkiye-volunteers\/\" \/>\n<meta property=\"og:site_name\" content=\"SKUP T\u00dcRK\u0130YE\" \/>\n<meta property=\"article:published_time\" content=\"2025-04-13T21:36:40+00:00\" \/>\n<meta property=\"article:modified_time\" content=\"2025-07-06T21:36:07+00:00\" \/>\n<meta name=\"author\" content=\"skupturkiye\" \/>\n<meta name=\"twitter:card\" content=\"summary_large_image\" \/>\n<meta name=\"twitter:label1\" content=\"Written by\" \/>\n\t<meta name=\"twitter:data1\" content=\"skupturkiye\" \/>\n\t<meta name=\"twitter:label2\" content=\"Est. reading time\" \/>\n\t<meta name=\"twitter:data2\" content=\"1 minute\" \/>\n<script type=\"application\/ld+json\" class=\"yoast-schema-graph\">{\"@context\":\"https:\/\/schema.org\",\"@graph\":[{\"@type\":\"WebPage\",\"@id\":\"https:\/\/www.skupturkiye.org.tr\/en\/national-launch-of-european-mobility-week-takes-place-in-izmirwith-the-launch-of-the-bike-to-university-b2u-projectdeveloped-by-skup-turkiye-volunteers\/\",\"url\":\"https:\/\/www.skupturkiye.org.tr\/en\/national-launch-of-european-mobility-week-takes-place-in-izmirwith-the-launch-of-the-bike-to-university-b2u-projectdeveloped-by-skup-turkiye-volunteers\/\",\"name\":\"NATIONAL LAUNCH OF EUROPEAN MOBILITY WEEK TAKES PLACE IN \u0130ZM\u0130R WITH THE LAUNCH OF THE \u201cBIKE TO UNIVERSITY (B2U)\u201d PROJECT DEVELOPED BY SKUP T\u00dcRK\u0130YE VOLUNTEERS! - SKUP T\u00dcRK\u0130YE\",\"isPartOf\":{\"@id\":\"https:\/\/www.skupturkiye.org.tr\/#website\"},\"datePublished\":\"2025-04-13T21:36:40+00:00\",\"dateModified\":\"2025-07-06T21:36:07+00:00\",\"author\":{\"@id\":\"https:\/\/www.skupturkiye.org.tr\/#\/schema\/person\/68206c8168f123e0ddd4db1bcb6e4e48\"},\"breadcrumb\":{\"@id\":\"https:\/\/www.skupturkiye.org.tr\/en\/national-launch-of-european-mobility-week-takes-place-in-izmirwith-the-launch-of-the-bike-to-university-b2u-projectdeveloped-by-skup-turkiye-volunteers\/#breadcrumb\"},\"inLanguage\":\"en-US\",\"potentialAction\":[{\"@type\":\"ReadAction\",\"target\":[\"https:\/\/www.skupturkiye.org.tr\/en\/national-launch-of-european-mobility-week-takes-place-in-izmirwith-the-launch-of-the-bike-to-university-b2u-projectdeveloped-by-skup-turkiye-volunteers\/\"]}]},{\"@type\":\"BreadcrumbList\",\"@id\":\"https:\/\/www.skupturkiye.org.tr\/en\/national-launch-of-european-mobility-week-takes-place-in-izmirwith-the-launch-of-the-bike-to-university-b2u-projectdeveloped-by-skup-turkiye-volunteers\/#breadcrumb\",\"itemListElement\":[{\"@type\":\"ListItem\",\"position\":1,\"name\":\"Anasayfa\",\"item\":\"https:\/\/www.skupturkiye.org.tr\/en\/\"},{\"@type\":\"ListItem\",\"position\":2,\"name\":\"NATIONAL LAUNCH OF EUROPEAN MOBILITY WEEK TAKES PLACE IN \u0130ZM\u0130RWITH THE LAUNCH OF THE \u201cBIKE TO UNIVERSITY (B2U)\u201d PROJECTDEVELOPED BY SKUP T\u00dcRK\u0130YE VOLUNTEERS!\"}]},{\"@type\":\"WebSite\",\"@id\":\"https:\/\/www.skupturkiye.org.tr\/#website\",\"url\":\"https:\/\/www.skupturkiye.org.tr\/\",\"name\":\"SKUP T\u00dcRK\u0130YE\",\"description\":\"\",\"potentialAction\":[{\"@type\":\"SearchAction\",\"target\":{\"@type\":\"EntryPoint\",\"urlTemplate\":\"https:\/\/www.skupturkiye.org.tr\/?s={search_term_string}\"},\"query-input\":{\"@type\":\"PropertyValueSpecification\",\"valueRequired\":true,\"valueName\":\"search_term_string\"}}],\"inLanguage\":\"en-US\"},{\"@type\":\"Person\",\"@id\":\"https:\/\/www.skupturkiye.org.tr\/#\/schema\/person\/68206c8168f123e0ddd4db1bcb6e4e48\",\"name\":\"skupturkiye\",\"image\":{\"@type\":\"ImageObject\",\"inLanguage\":\"en-US\",\"@id\":\"https:\/\/www.skupturkiye.org.tr\/#\/schema\/person\/image\/\",\"url\":\"https:\/\/secure.gravatar.com\/avatar\/df65b00abde905120d141e40abe20c0e09cf9e5f70bc420aafe9d581cec910b2?s=96&d=mm&r=g\",\"contentUrl\":\"https:\/\/secure.gravatar.com\/avatar\/df65b00abde905120d141e40abe20c0e09cf9e5f70bc420aafe9d581cec910b2?s=96&d=mm&r=g\",\"caption\":\"skupturkiye\"},\"sameAs\":[\"https:\/\/www.skupturkiye.org.tr\"],\"url\":\"https:\/\/www.skupturkiye.org.tr\/en\/author\/skupturkiye\/\"}]}<\/script>\n<!-- \/ Yoast SEO plugin. -->","yoast_head_json":{"title":"NATIONAL LAUNCH OF EUROPEAN MOBILITY WEEK TAKES PLACE IN \u0130ZM\u0130RWITH THE LAUNCH OF THE \u201cBIKE TO UNIVERSITY (B2U)\u201d PROJECTDEVELOPED BY SKUP T\u00dcRK\u0130YE VOLUNTEERS! - SKUP T\u00dcRK\u0130YE","robots":{"index":"index","follow":"follow","max-snippet":"max-snippet:-1","max-image-preview":"max-image-preview:large","max-video-preview":"max-video-preview:-1"},"canonical":"https:\/\/www.skupturkiye.org.tr\/en\/national-launch-of-european-mobility-week-takes-place-in-izmirwith-the-launch-of-the-bike-to-university-b2u-projectdeveloped-by-skup-turkiye-volunteers\/","og_locale":"en_US","og_type":"article","og_title":"NATIONAL LAUNCH OF EUROPEAN MOBILITY WEEK TAKES PLACE IN \u0130ZM\u0130RWITH THE LAUNCH OF THE \u201cBIKE TO UNIVERSITY (B2U)\u201d PROJECTDEVELOPED BY SKUP T\u00dcRK\u0130YE VOLUNTEERS! - SKUP T\u00dcRK\u0130YE","og_description":"Hosted by \u0130zmir Metropolitan Municipality, the national launch of European MobilityWeek was held with the participation of distinguished members from...","og_url":"https:\/\/www.skupturkiye.org.tr\/en\/national-launch-of-european-mobility-week-takes-place-in-izmirwith-the-launch-of-the-bike-to-university-b2u-projectdeveloped-by-skup-turkiye-volunteers\/","og_site_name":"SKUP T\u00dcRK\u0130YE","article_published_time":"2025-04-13T21:36:40+00:00","article_modified_time":"2025-07-06T21:36:07+00:00","author":"skupturkiye","twitter_card":"summary_large_image","twitter_misc":{"Written by":"skupturkiye","Est. reading time":"1 minute"},"schema":{"@context":"https:\/\/schema.org","@graph":[{"@type":"WebPage","@id":"https:\/\/www.skupturkiye.org.tr\/en\/national-launch-of-european-mobility-week-takes-place-in-izmirwith-the-launch-of-the-bike-to-university-b2u-projectdeveloped-by-skup-turkiye-volunteers\/","url":"https:\/\/www.skupturkiye.org.tr\/en\/national-launch-of-european-mobility-week-takes-place-in-izmirwith-the-launch-of-the-bike-to-university-b2u-projectdeveloped-by-skup-turkiye-volunteers\/","name":"NATIONAL LAUNCH OF EUROPEAN MOBILITY WEEK TAKES PLACE IN \u0130ZM\u0130R WITH THE LAUNCH OF THE \u201cBIKE TO UNIVERSITY (B2U)\u201d PROJECT DEVELOPED BY SKUP T\u00dcRK\u0130YE VOLUNTEERS! - SKUP T\u00dcRK\u0130YE","isPartOf":{"@id":"https:\/\/www.skupturkiye.org.tr\/#website"},"datePublished":"2025-04-13T21:36:40+00:00","dateModified":"2025-07-06T21:36:07+00:00","author":{"@id":"https:\/\/www.skupturkiye.org.tr\/#\/schema\/person\/68206c8168f123e0ddd4db1bcb6e4e48"},"breadcrumb":{"@id":"https:\/\/www.skupturkiye.org.tr\/en\/national-launch-of-european-mobility-week-takes-place-in-izmirwith-the-launch-of-the-bike-to-university-b2u-projectdeveloped-by-skup-turkiye-volunteers\/#breadcrumb"},"inLanguage":"en-US","potentialAction":[{"@type":"ReadAction","target":["https:\/\/www.skupturkiye.org.tr\/en\/national-launch-of-european-mobility-week-takes-place-in-izmirwith-the-launch-of-the-bike-to-university-b2u-projectdeveloped-by-skup-turkiye-volunteers\/"]}]},{"@type":"BreadcrumbList","@id":"https:\/\/www.skupturkiye.org.tr\/en\/national-launch-of-european-mobility-week-takes-place-in-izmirwith-the-launch-of-the-bike-to-university-b2u-projectdeveloped-by-skup-turkiye-volunteers\/#breadcrumb","itemListElement":[{"@type":"ListItem","position":1,"name":"Anasayfa","item":"https:\/\/www.skupturkiye.org.tr\/en\/"},{"@type":"ListItem","position":2,"name":"NATIONAL LAUNCH OF EUROPEAN MOBILITY WEEK TAKES PLACE IN \u0130ZM\u0130RWITH THE LAUNCH OF THE \u201cBIKE TO UNIVERSITY (B2U)\u201d PROJECTDEVELOPED BY SKUP T\u00dcRK\u0130YE VOLUNTEERS!"}]},{"@type":"WebSite","@id":"https:\/\/www.skupturkiye.org.tr\/#website","url":"https:\/\/www.skupturkiye.org.tr\/","name":"SKUP T\u00dcRK\u0130YE","description":"","potentialAction":[{"@type":"SearchAction","target":{"@type":"EntryPoint","urlTemplate":"https:\/\/www.skupturkiye.org.tr\/?s={search_term_string}"},"query-input":{"@type":"PropertyValueSpecification","valueRequired":true,"valueName":"search_term_string"}}],"inLanguage":"en-US"},{"@type":"Person","@id":"https:\/\/www.skupturkiye.org.tr\/#\/schema\/person\/68206c8168f123e0ddd4db1bcb6e4e48","name":"skupturkiye","image":{"@type":"ImageObject","inLanguage":"en-US","@id":"https:\/\/www.skupturkiye.org.tr\/#\/schema\/person\/image\/","url":"https:\/\/secure.gravatar.com\/avatar\/df65b00abde905120d141e40abe20c0e09cf9e5f70bc420aafe9d581cec910b2?s=96&d=mm&r=g","contentUrl":"https:\/\/secure.gravatar.com\/avatar\/df65b00abde905120d141e40abe20c0e09cf9e5f70bc420aafe9d581cec910b2?s=96&d=mm&r=g","caption":"skupturkiye"},"sameAs":["https:\/\/www.skupturkiye.org.tr"],"url":"https:\/\/www.skupturkiye.org.tr\/en\/author\/skupturkiye\/"}]}},"wpcf_dashboard":"<div class=\"woocommerce\"><div class=\"woocommerce-info\">Please log in first? <a class=\"wpneoShowLogin\" href=\"#\">Click here to login<\/a><\/div><div class=\"wpneo_login_form_div\" style=\"display: none;\"><form name=\"loginform\" id=\"loginform\" action=\"https:\/\/www.skupturkiye.org.tr\/wp-login.php\" method=\"post\"><p class=\"login-username\">\n\t\t\t\t<label for=\"user_login\">Username or Email Address<\/label>\n\t\t\t\t<input type=\"text\" name=\"log\" id=\"user_login\" autocomplete=\"username\" class=\"input\" value=\"\" size=\"20\" \/>\n\t\t\t<\/p><p class=\"login-password\">\n\t\t\t\t<label for=\"user_pass\">Password<\/label>\n\t\t\t\t<input type=\"password\" name=\"pwd\" id=\"user_pass\" autocomplete=\"current-password\" spellcheck=\"false\" class=\"input\" value=\"\" size=\"20\" \/>\n\t\t\t<\/p><p class=\"login-remember\"><label><input name=\"rememberme\" type=\"checkbox\" id=\"rememberme\" value=\"forever\" \/> Remember Me<\/label><\/p><p class=\"login-submit\">\n\t\t\t\t<input type=\"submit\" name=\"wp-submit\" id=\"wp-submit\" class=\"button button-primary\" value=\"Log In\" \/>\n\t\t\t\t<input type=\"hidden\" name=\"redirect_to\" value=\"https:\/\/www.skupturkiye.org.tr\/en\/wp-json\/wp\/v2\/posts\/55329\" \/>\n\t\t\t<\/p><\/form><\/div><\/div>","_links":{"self":[{"href":"https:\/\/www.skupturkiye.org.tr\/en\/wp-json\/wp\/v2\/posts\/55329","targetHints":{"allow":["GET"]}}],"collection":[{"href":"https:\/\/www.skupturkiye.org.tr\/en\/wp-json\/wp\/v2\/posts"}],"about":[{"href":"https:\/\/www.skupturkiye.org.tr\/en\/wp-json\/wp\/v2\/types\/post"}],"author":[{"embeddable":true,"href":"https:\/\/www.skupturkiye.org.tr\/en\/wp-json\/wp\/v2\/users\/1"}],"replies":[{"embeddable":true,"href":"https:\/\/www.skupturkiye.org.tr\/en\/wp-json\/wp\/v2\/comments?post=55329"}],"version-history":[{"count":1,"href":"https:\/\/www.skupturkiye.org.tr\/en\/wp-json\/wp\/v2\/posts\/55329\/revisions"}],"predecessor-version":[{"id":55330,"href":"https:\/\/www.skupturkiye.org.tr\/en\/wp-json\/wp\/v2\/posts\/55329\/revisions\/55330"}],"wp:attachment":[{"href":"https:\/\/www.skupturkiye.org.tr\/en\/wp-json\/wp\/v2\/media?parent=55329"}],"wp:term":[{"taxonomy":"category","embeddable":true,"href":"https:\/\/www.skupturkiye.org.tr\/en\/wp-json\/wp\/v2\/categories?post=55329"},{"taxonomy":"post_tag","embeddable":true,"href":"https:\/\/www.skupturkiye.org.tr\/en\/wp-json\/wp\/v2\/tags?post=55329"}],"curies":[{"name":"wp","href":"https:\/\/api.w.org\/{rel}","templated":true}]}}